{"id":661,"date":"2023-09-12T11:55:38","date_gmt":"2023-09-12T09:55:38","guid":{"rendered":"https:\/\/icsi.insuco.com\/forum-acceptation-sociale-des-projets-eoliens-et-des-communautes-energetiques-a-la-guajira\/"},"modified":"2023-11-15T17:18:45","modified_gmt":"2023-11-15T16:18:45","slug":"forum-acceptation-sociale-des-projets-eoliens-et-des-communautes-energetiques-a-la-guajira","status":"publish","type":"post","link":"https:\/\/icsi.insuco.com\/fr\/forum-acceptation-sociale-des-projets-eoliens-et-des-communautes-energetiques-a-la-guajira\/","title":{"rendered":"Forum \u00ab\u00a0Acceptation sociale des projets \u00e9oliens et des communaut\u00e9s \u00e9nerg\u00e9tiques \u00e0 La Guajira\u00a0\u00bb"},"content":{"rendered":"<p>Le Centre Insuco pour l&rsquo;innovation sociale (ICSI), en collaboration avec Insuco, SEI (Stockholm Environmental Institute) et l&rsquo;Universit\u00e9 de La Guajira, vous invite au forum : Acceptation sociale des projets \u00e9oliens et des communaut\u00e9s \u00e9nerg\u00e9tiques \u00e0 La Guajira.<\/p>\n<p>Le Forum aura lieu le 14 septembre 2023 dans la salle 6111 de l&rsquo;Universit\u00e9 de La Guajira et sera retransmis en direct via le lien suivant : <a href=\"http:\/\/meet.google.com\/gyg-bwss-iwz\" target=\"_blank\" rel=\"noopener\">http:\/\/meet.google.com\/gyg-bwss-iwz<\/a><\/p>\n<h2>Contexte<\/h2>\n<p>La Guajira s&rsquo;est impos\u00e9e comme le fer de lance de la transition \u00e9nerg\u00e9tique en Colombie gr\u00e2ce \u00e0 ses ressources \u00e9oliennes et solaires de classe mondiale. \u00c0 court terme, 16 parcs \u00e9oliens devraient entrer en service, ainsi que de nouvelles infrastructures de transmission, ce qui repr\u00e9sente environ 13 % de la capacit\u00e9 install\u00e9e en Colombie. La Guajira est \u00e9galement l&rsquo;une des r\u00e9gions de Colombie o\u00f9 la population indig\u00e8ne est la plus nombreuse, en particulier le groupe ethnique Way\u00fau, sur le territoire duquel la plupart des projets \u00e9oliens seront implant\u00e9s. Toutefois, la mise en \u0153uvre des projets \u00e0 La Guajira se heurte \u00e0 de s\u00e9rieuses difficult\u00e9s li\u00e9es principalement \u00e0 des probl\u00e8mes de justice et d&rsquo;\u00e9quit\u00e9. Certaines de ces pr\u00e9occupations portent sur des aspects tels que l&rsquo;acc\u00e8s \u00e0 l&rsquo;information, les impacts environnementaux, sociaux et culturels, les conflits li\u00e9s \u00e0 l&rsquo;utilisation des terres, les capacit\u00e9s limit\u00e9es du secteur public r\u00e9gional et la l\u00e9gitimit\u00e9 des processus de consultation pr\u00e9alable, entre autres. qui ont entra\u00een\u00e9 divers blocages et retards dans les projets.<\/p>\n<p>Ce forum servira \u00e0 partager les d\u00e9fis et les approches concernant l&rsquo;acceptation sociale et la durabilit\u00e9 de ces projets. L&rsquo;ICSI, en tant que plateforme d&rsquo;apprentissage territorial et de plaidoyer, cherche \u00e0 tisser des liens entre les acteurs afin de repenser l&rsquo;articulation entre la durabilit\u00e9 des projets d&rsquo;investissement priv\u00e9s et la durabilit\u00e9 territoriale.<\/p>\n<span class=\"et_bloom_bottom_trigger\"><\/span>","protected":false},"excerpt":{"rendered":"<p>Le Centre Insuco pour l&rsquo;innovation sociale (ICSI), en alliance avec Insuco, SEI (Stockoholm Environmental Institute) et l&rsquo;Universit\u00e9 de La Guajira, invite au forum :<br \/>\n\u00ab\u00a0Acceptation sociale des projets \u00e9oliens et des communaut\u00e9s \u00e9nerg\u00e9tiques \u00e0 La Guajira\u00a0\u00bb. Le Forum a eu lieu le 14 septembre 2023&#8230;<\/p>\n","protected":false},"author":1,"featured_media":366,"comment_status":"open","ping_status":"open","sticky":false,"template":"","format":"standard","meta":{"_et_pb_use_builder":"off","_et_pb_old_content":"","_et_gb_content_width":"","footnotes":""},"categories":[21],"tags":[],"class_list":["post-661","post","type-post","status-publish","format-standard","has-post-thumbnail","hentry","category-agenda-icsi"],"_links":{"self":[{"href":"https:\/\/icsi.insuco.com\/fr\/wp-json\/wp\/v2\/posts\/661","targetHints":{"allow":["GET"]}}],"collection":[{"href":"https:\/\/icsi.insuco.com\/fr\/wp-json\/wp\/v2\/posts"}],"about":[{"href":"https:\/\/icsi.insuco.com\/fr\/wp-json\/wp\/v2\/types\/post"}],"author":[{"embeddable":true,"href":"https:\/\/icsi.insuco.com\/fr\/wp-json\/wp\/v2\/users\/1"}],"replies":[{"embeddable":true,"href":"https:\/\/icsi.insuco.com\/fr\/wp-json\/wp\/v2\/comments?post=661"}],"version-history":[{"count":1,"href":"https:\/\/icsi.insuco.com\/fr\/wp-json\/wp\/v2\/posts\/661\/revisions"}],"predecessor-version":[{"id":674,"href":"https:\/\/icsi.insuco.com\/fr\/wp-json\/wp\/v2\/posts\/661\/revisions\/674"}],"wp:featuredmedia":[{"embeddable":true,"href":"https:\/\/icsi.insuco.com\/fr\/wp-json\/wp\/v2\/media\/366"}],"wp:attachment":[{"href":"https:\/\/icsi.insuco.com\/fr\/wp-json\/wp\/v2\/media?parent=661"}],"wp:term":[{"taxonomy":"category","embeddable":true,"href":"https:\/\/icsi.insuco.com\/fr\/wp-json\/wp\/v2\/categories?post=661"},{"taxonomy":"post_tag","embeddable":true,"href":"https:\/\/icsi.insuco.com\/fr\/wp-json\/wp\/v2\/tags?post=661"}],"curies":[{"name":"wp","href":"https:\/\/api.w.org\/{rel}","templated":true}]}}