{"id":1655,"date":"2026-02-12T17:07:54","date_gmt":"2026-02-12T16:07:54","guid":{"rendered":"https:\/\/icsi.insuco.com\/?p=1655"},"modified":"2026-03-23T18:42:56","modified_gmt":"2026-03-23T17:42:56","slug":"presentation-de-la-tej-cesar","status":"publish","type":"post","link":"https:\/\/icsi.insuco.com\/fr\/presentation-de-la-tej-cesar\/","title":{"rendered":"Pr\u00e9sentation de la Narration de la Transition \u00c9nerg\u00e9tique Juste dans le Corridor du Cesar \u2013 OTT"},"content":{"rendered":"<p>Dans le cadre du processus d&rsquo;\u00e9laboration du r\u00e9cit de la transition \u00e9nerg\u00e9tique juste dans le corridor du Cesar, une s\u00e9rie de supports de communication a \u00e9t\u00e9 d\u00e9velopp\u00e9e afin de recueillir les t\u00e9moignages des acteurs locaux face aux changements que traverse la r\u00e9gion dans le contexte de la transition \u00e9nerg\u00e9tique.<\/p>\n<p>Ce processus a abouti \u00e0 un <a href=\"https:\/\/bit.ly\/4puEza5\" target=\"_blank\" rel=\"noopener\"><strong>document<\/strong><\/a>, qui s&rsquo;impose comme un outil de plaidoyer \u00e9labor\u00e9 \u00e0 partir des perspectives des communaut\u00e9s et des acteurs du territoire. Ce r\u00e9cit rassemble les attentes, les besoins et les lacunes identifi\u00e9s dans les zones directement touch\u00e9es par l&rsquo;exploitation du charbon, et permet de mieux comprendre les priorit\u00e9s locales face \u00e0 l&rsquo;avenir du territoire. Le r\u00e9cit s&rsquo;articule autour de l&rsquo;analyse de <strong>cinq dimensions cl\u00e9s : <a href=\"https:\/\/bit.ly\/HistorietaGobernanza\" target=\"_blank\" rel=\"noopener\">gouvernance<\/a>, <a href=\"https:\/\/bit.ly\/HistorietaEducacion\" target=\"_blank\" rel=\"noopener\">\u00e9ducation<\/a>, <a href=\"https:\/\/bit.ly\/HistorietaEconomia\" target=\"_blank\" rel=\"noopener\">\u00e9conomie<\/a>, <a href=\"https:\/\/bit.ly\/HistorietaSostenibilidad\" target=\"_blank\" rel=\"noopener\">durabilit\u00e9<\/a> et <a href=\"https:\/\/bit.ly\/HistorietaEnergia\" target=\"_blank\" rel=\"noopener\">\u00e9nergie<\/a>.<\/strong><\/p>\n<p>\u00c0 partir de ce r\u00e9cit, des <a href=\"https:\/\/youtube.com\/playlist?list=PLFl-4d_HmNPw5Nsq7IZeuuWtKqpNZ042E&amp;si=b_TO9fJz3itjhx7R\" target=\"_blank\" rel=\"noopener\"><strong>r\u00e9cits audio<\/strong><\/a> ont \u00e9galement \u00e9t\u00e9 d\u00e9velopp\u00e9s, un pour chaque dimension, dans le but de communiquer de mani\u00e8re accessible les principales conclusions et r\u00e9flexions du processus, \u00e9largissant ainsi la port\u00e9e du r\u00e9cit et facilitant sa diffusion aupr\u00e8s de diff\u00e9rents publics.<\/p>\n<p>Par ailleurs, le <a href=\"https:\/\/youtu.be\/MDs4leLB8MM?list=PLFl-4d_HmNPw5Nsq7IZeuuWtKqpNZ042E\" target=\"_blank\" rel=\"noopener\"><strong>documentaire<\/strong> <\/a>\u00ab R\u00e9cit de la transition \u00e9nerg\u00e9tique juste dans le corridor du Cesar \u00bb a \u00e9t\u00e9 r\u00e9alis\u00e9 ; il rassemble des t\u00e9moignages et des r\u00e9cits de communaut\u00e9s, d&rsquo;acteurs locaux et d&rsquo;entreprises sur les changements que conna\u00eet le territoire. Dans une r\u00e9gion historiquement marqu\u00e9e par l&rsquo;exploitation du charbon, ce documentaire pr\u00e9sente diff\u00e9rentes visions du pr\u00e9sent et de l&rsquo;avenir du d\u00e9veloppement territorial dans le contexte de la transition \u00e9nerg\u00e9tique.<\/p>\n<p>En compl\u00e9ment, un <a href=\"https:\/\/youtu.be\/prEKZTsKrB8?list=PLFl-4d_HmNPw5Nsq7IZeuuWtKqpNZ042E\" target=\"_blank\" rel=\"noopener\"><strong>podcast<\/strong> <\/a>a \u00e9t\u00e9 produit afin de recueillir ces t\u00e9moignages sous forme audio, dans le but de faciliter l&rsquo;acc\u00e8s \u00e0 l&rsquo;information et d&rsquo;\u00e9largir la diffusion du processus sur le territoire.<\/p>\n<p>La production du documentaire et du podcast a \u00e9t\u00e9 assur\u00e9e par La Rotativa, et s&rsquo;inscrit dans le processus de construction du R\u00e9cit de la Transition \u00c9nerg\u00e9tique Juste dans le Corridor du Cesar, port\u00e9 par l&rsquo;ICSI \u2013 Insuco Center for Social Innovation, le Programme de D\u00e9veloppement et de Paix du Cesar et de La Guajira (PDPCG) et l&rsquo;ITIE Colombie, avec le soutien de la Fondation Ford.<\/p>\n<p>Ce processus s&rsquo;inscrit dans le cadre de l&rsquo;Observatoire des transformations territoriales (OTT), une m\u00e9thodologie ax\u00e9e sur le suivi et l&rsquo;accompagnement des transformations dans les territoires, \u00e0 partir de la production et de l&rsquo;analyse d&rsquo;informations sociales, \u00e9conomiques et territoriales.<\/p>\n<p>\u00c0 travers ces produits, le projet \u00ab Narrative de la transition \u00e9nerg\u00e9tique juste \u00bb vise \u00e0 contribuer au dialogue territorial, \u00e0 faire entendre la voix des communaut\u00e9s et \u00e0 fournir des \u00e9l\u00e9ments permettant une prise de d\u00e9cision \u00e9clair\u00e9e dans le contexte de la transition \u00e9nerg\u00e9tique dans le Corridor du Cesar.<\/p>\n<p>&nbsp;<\/p>\n<p><strong>D\u00e9couvrez et explorez les produits de la Narrative de la transition \u00e9nerg\u00e9tique juste :<\/strong><\/p>\n<p>R\u00e9cit num\u00e9rique: <a href=\"https:\/\/bit.ly\/4puEza5\" target=\"_blank\" rel=\"noopener\">https:\/\/bit.ly\/4puEza5<\/a><br \/>\nDocumentaire: <a href=\"https:\/\/youtu.be\/MDs4leLB8MM?list=PLFl-4d_HmNPw5Nsq7IZeuuWtKqpNZ042E\" target=\"_blank\" rel=\"noopener\">https:\/\/youtu.be\/MDs4leLB8MM?list=PLFl-4d_HmNPw5Nsq7IZeuuWtKqpNZ042E<\/a><br \/>\nPodcast: <a href=\"https:\/\/youtu.be\/prEKZTsKrB8?list=PLFl-4d_HmNPw5Nsq7IZeuuWtKqpNZ042E\" target=\"_blank\" rel=\"noopener\">https:\/\/youtu.be\/prEKZTsKrB8?list=PLFl-4d_HmNPw5Nsq7IZeuuWtKqpNZ042E<\/a><br \/>\nPlaylist \u00abDimensions de la transition \u00e9nerg\u00e9tique juste\u00bb: <a href=\"https:\/\/youtube.com\/playlist?list=PLFl-4d_HmNPw5Nsq7IZeuuWtKqpNZ042E&amp;si=b_TO9fJz3itjhx7R\" target=\"_blank\" rel=\"noopener\">https:\/\/youtube.com\/playlist?list=PLFl-4d_HmNPw5Nsq7IZeuuWtKqpNZ042E&amp;si=b_TO9fJz3itjhx7R<\/a><\/p>\n<p>&nbsp;<\/p>\n<span class=\"et_bloom_bottom_trigger\"><\/span>","protected":false},"excerpt":{"rendered":"<p>Dans le cadre du processus d&rsquo;\u00e9laboration du r\u00e9cit de la transition \u00e9nerg\u00e9tique juste dans le corridor du Cesar, une s\u00e9rie de supports de communication a \u00e9t\u00e9 d\u00e9velopp\u00e9e afin de recueillir les t\u00e9moignages des acteurs locaux face aux changements que traverse la r\u00e9gion dans le contexte de la transition \u00e9nerg\u00e9tique. Ce processus a abouti \u00e0 un [&hellip;]<\/p>\n","protected":false},"author":2,"featured_media":1488,"comment_status":"open","ping_status":"open","sticky":false,"template":"","format":"standard","meta":{"_et_pb_use_builder":"","_et_pb_old_content":"","_et_gb_content_width":"","footnotes":""},"categories":[29],"tags":[],"class_list":["post-1655","post","type-post","status-publish","format-standard","has-post-thumbnail","hentry","category-news"],"_links":{"self":[{"href":"https:\/\/icsi.insuco.com\/fr\/wp-json\/wp\/v2\/posts\/1655","targetHints":{"allow":["GET"]}}],"collection":[{"href":"https:\/\/icsi.insuco.com\/fr\/wp-json\/wp\/v2\/posts"}],"about":[{"href":"https:\/\/icsi.insuco.com\/fr\/wp-json\/wp\/v2\/types\/post"}],"author":[{"embeddable":true,"href":"https:\/\/icsi.insuco.com\/fr\/wp-json\/wp\/v2\/users\/2"}],"replies":[{"embeddable":true,"href":"https:\/\/icsi.insuco.com\/fr\/wp-json\/wp\/v2\/comments?post=1655"}],"version-history":[{"count":6,"href":"https:\/\/icsi.insuco.com\/fr\/wp-json\/wp\/v2\/posts\/1655\/revisions"}],"predecessor-version":[{"id":1740,"href":"https:\/\/icsi.insuco.com\/fr\/wp-json\/wp\/v2\/posts\/1655\/revisions\/1740"}],"wp:featuredmedia":[{"embeddable":true,"href":"https:\/\/icsi.insuco.com\/fr\/wp-json\/wp\/v2\/media\/1488"}],"wp:attachment":[{"href":"https:\/\/icsi.insuco.com\/fr\/wp-json\/wp\/v2\/media?parent=1655"}],"wp:term":[{"taxonomy":"category","embeddable":true,"href":"https:\/\/icsi.insuco.com\/fr\/wp-json\/wp\/v2\/categories?post=1655"},{"taxonomy":"post_tag","embeddable":true,"href":"https:\/\/icsi.insuco.com\/fr\/wp-json\/wp\/v2\/tags?post=1655"}],"curies":[{"name":"wp","href":"https:\/\/api.w.org\/{rel}","templated":true}]}}