{"id":1652,"date":"2025-12-26T17:01:33","date_gmt":"2025-12-26T16:01:33","guid":{"rendered":"https:\/\/icsi.insuco.com\/?p=1652"},"modified":"2026-02-12T17:02:06","modified_gmt":"2026-02-12T16:02:06","slug":"nous-avons-termine-le-cours-gestion-sociale-et-developpement-territorial-dans-les-environnements-miniers-en-collaboration-avec-lutec","status":"publish","type":"post","link":"https:\/\/icsi.insuco.com\/fr\/nous-avons-termine-le-cours-gestion-sociale-et-developpement-territorial-dans-les-environnements-miniers-en-collaboration-avec-lutec\/","title":{"rendered":"Nous avons termin\u00e9 le cours \u00abGestion sociale et d\u00e9veloppement territorial dans les environnements miniers\u00bb, en collaboration avec l&rsquo;UTEC."},"content":{"rendered":"<p>Avec une participation remarquable de professionnels et de dirigeants de diff\u00e9rents pays d&rsquo;Am\u00e9rique latine, le cours sp\u00e9cialis\u00e9 \u00ab Gestion sociale et d\u00e9veloppement territorial dans les environnements miniers \u00bb, une initiative lanc\u00e9e par l&rsquo;ICSI, l&rsquo;Insuco et l&rsquo;IFSRA (Institute for Social Research in Africa), en partenariat avec l&rsquo;UTEC Posgrado Per\u00fa, s&rsquo;est achev\u00e9 avec succ\u00e8s.<\/p>\n<p>Dans un secteur en constante \u00e9volution, la gestion sociale exige aujourd&rsquo;hui plus que des espaces de dialogue : elle n\u00e9cessite des outils techniques, une vision strat\u00e9gique et des capacit\u00e9s pour g\u00e9n\u00e9rer des impacts r\u00e9els et durables sur les territoires. Au cours de la formation, les participants ont renforc\u00e9 leurs comp\u00e9tences pour comprendre et g\u00e9rer les d\u00e9fis sociaux et territoriaux qui se posent dans les contextes miniers, en promouvant des processus de d\u00e9veloppement qui articulent les acteurs, les institutions et les communaut\u00e9s.<\/p>\n<p>Tout au long du programme, des enseignements, des m\u00e9thodologies et des exp\u00e9riences pratiques ont \u00e9t\u00e9 partag\u00e9s, permettant de r\u00e9fl\u00e9chir au r\u00f4le de l&rsquo;exploitation mini\u00e8re responsable dans le d\u00e9veloppement territorial, et r\u00e9affirmant l&rsquo;importance de construire des solutions qui renforcent les capacit\u00e9s locales et ouvrent des opportunit\u00e9s durables au-del\u00e0 de l&rsquo;extraction.<\/p>\n<p>Le cours a abord\u00e9, entre autres, les th\u00e8mes suivants:<\/p>\n<ul>\n<li>Diagnostic et planification avec une approche territoriale.<\/li>\n<li>Facteurs cl\u00e9s pour le d\u00e9veloppement durable dans les environnements miniers.<\/li>\n<li>Cadres internationaux et exp\u00e9riences latino-am\u00e9ricaines en mati\u00e8re de gestion sociale et de gouvernance territoriale.<\/li>\n<\/ul>\n<p>De m\u00eame, l&rsquo;importance du leadership territorial, fond\u00e9 sur l&#8217;empathie, la r\u00e9silience et la capacit\u00e9 de dialogue, a \u00e9t\u00e9 soulign\u00e9e comme \u00e9l\u00e9ment central pour mettre en relation les acteurs et g\u00e9n\u00e9rer des processus de d\u00e9veloppement \u00e0 long terme.<\/p>\n<p>Gr\u00e2ce \u00e0 cette exp\u00e9rience formative, les organisations partenaires r\u00e9affirment leur engagement en faveur du renforcement des capacit\u00e9s afin de promouvoir une gestion sociale strat\u00e9gique et de contribuer \u00e0 la construction de territoires plus durables et plus inclusifs.<\/p>\n<span class=\"et_bloom_bottom_trigger\"><\/span>","protected":false},"excerpt":{"rendered":"<p>Avec une participation remarquable de professionnels et de dirigeants de diff\u00e9rents pays d&rsquo;Am\u00e9rique latine, le cours sp\u00e9cialis\u00e9 \u00ab Gestion sociale et d\u00e9veloppement territorial dans les environnements miniers \u00bb, une initiative lanc\u00e9e par l&rsquo;ICSI, l&rsquo;Insuco et l&rsquo;IFSRA (Institute for Social Research in Africa), en partenariat avec l&rsquo;UTEC Posgrado Per\u00fa, s&rsquo;est achev\u00e9 avec succ\u00e8s. Dans un secteur [&hellip;]<\/p>\n","protected":false},"author":2,"featured_media":1471,"comment_status":"open","ping_status":"open","sticky":false,"template":"","format":"standard","meta":{"_et_pb_use_builder":"","_et_pb_old_content":"","_et_gb_content_width":"","footnotes":""},"categories":[29],"tags":[],"class_list":["post-1652","post","type-post","status-publish","format-standard","has-post-thumbnail","hentry","category-news"],"_links":{"self":[{"href":"https:\/\/icsi.insuco.com\/fr\/wp-json\/wp\/v2\/posts\/1652","targetHints":{"allow":["GET"]}}],"collection":[{"href":"https:\/\/icsi.insuco.com\/fr\/wp-json\/wp\/v2\/posts"}],"about":[{"href":"https:\/\/icsi.insuco.com\/fr\/wp-json\/wp\/v2\/types\/post"}],"author":[{"embeddable":true,"href":"https:\/\/icsi.insuco.com\/fr\/wp-json\/wp\/v2\/users\/2"}],"replies":[{"embeddable":true,"href":"https:\/\/icsi.insuco.com\/fr\/wp-json\/wp\/v2\/comments?post=1652"}],"version-history":[{"count":2,"href":"https:\/\/icsi.insuco.com\/fr\/wp-json\/wp\/v2\/posts\/1652\/revisions"}],"predecessor-version":[{"id":1654,"href":"https:\/\/icsi.insuco.com\/fr\/wp-json\/wp\/v2\/posts\/1652\/revisions\/1654"}],"wp:featuredmedia":[{"embeddable":true,"href":"https:\/\/icsi.insuco.com\/fr\/wp-json\/wp\/v2\/media\/1471"}],"wp:attachment":[{"href":"https:\/\/icsi.insuco.com\/fr\/wp-json\/wp\/v2\/media?parent=1652"}],"wp:term":[{"taxonomy":"category","embeddable":true,"href":"https:\/\/icsi.insuco.com\/fr\/wp-json\/wp\/v2\/categories?post=1652"},{"taxonomy":"post_tag","embeddable":true,"href":"https:\/\/icsi.insuco.com\/fr\/wp-json\/wp\/v2\/tags?post=1652"}],"curies":[{"name":"wp","href":"https:\/\/api.w.org\/{rel}","templated":true}]}}