{"id":1644,"date":"2025-08-12T16:22:39","date_gmt":"2025-08-12T14:22:39","guid":{"rendered":"https:\/\/icsi.insuco.com\/?p=1644"},"modified":"2026-02-12T16:22:55","modified_gmt":"2026-02-12T15:22:55","slug":"cloture-du-diplome-en-narratives-energetiques-a-la-guajira-ott","status":"publish","type":"post","link":"https:\/\/icsi.insuco.com\/fr\/cloture-du-diplome-en-narratives-energetiques-a-la-guajira-ott\/","title":{"rendered":"Cl\u00f4ture du Dipl\u00f4me en Narratives \u00c9nerg\u00e9tiques \u00e0 La Guajira \u2013 OTT"},"content":{"rendered":"<p>Apr\u00e8s un mois de formation, des journalistes, des communicateurs, des leaders sociaux et des \u00e9tudiants de La Guajira ont obtenu leur dipl\u00f4me en r\u00e9cits \u00e9nerg\u00e9tiques, un espace d&rsquo;apprentissage visant \u00e0 renforcer les capacit\u00e9s \u00e0 communiquer de mani\u00e8re rigoureuse, critique et contextualis\u00e9e les processus associ\u00e9s \u00e0 la transition \u00e9nerg\u00e9tique juste sur le territoire.<\/p>\n<p>Au cours de la formation, les participants ont approfondi des th\u00e8mes tels que les \u00e9nergies renouvelables, le changement climatique, la d\u00e9carbonisation et le dialogue interculturel, en int\u00e9grant de nouveaux outils pour raconter les transformations que conna\u00eet La Guajira dans une perspective territoriale et avec une sensibilit\u00e9 sociale.<\/p>\n<p>Le dipl\u00f4me a favoris\u00e9 un espace d&rsquo;\u00e9change et de r\u00e9flexion sur le r\u00f4le du journalisme et de la communication dans des contextes de transformation productive et sociale, soulignant l&rsquo;importance de construire des r\u00e9cits qui int\u00e8grent la diversit\u00e9 des voix et des exp\u00e9riences pr\u00e9sentes sur le territoire.<\/p>\n<p>Cette initiative s&rsquo;inscrit dans le cadre de l&rsquo;engagement de l&rsquo;ICSI \u00e0 renforcer les capacit\u00e9s locales avec une approche territoriale, en reliant la recherche, la formation et l&rsquo;action afin d&rsquo;accompagner les processus de transformation sociale \u00e0 partir de la connaissance et de la participation.<\/p>\n<p>Parmi les principales contributions du processus de formation, on peut citer :<\/p>\n<ul>\n<li>Le renforcement des capacit\u00e9s locales, permettant aux participants d&rsquo;analyser les d\u00e9fis li\u00e9s \u00e0 l&rsquo;information sur la transition \u00e9nerg\u00e9tique d&rsquo;un point de vue critique, responsable et socialement conscient.<\/li>\n<li>La promotion de la gouvernance territoriale, en cr\u00e9ant des espaces o\u00f9 convergent journalistes, leaders sociaux et jeunes afin de construire des r\u00e9cits qui refl\u00e8tent la diversit\u00e9 des perspectives du territoire.<\/li>\n<li>L&rsquo;application d&rsquo;une approche territoriale, en reconnaissant et en rendant visibles les savoirs locaux, les pr\u00e9occupations communautaires et les dynamiques propres \u00e0 La Guajira, en dialogue avec les d\u00e9bats mondiaux sur la justice \u00e9nerg\u00e9tique.<\/li>\n<\/ul>\n<p>Le dipl\u00f4me en r\u00e9cits \u00e9nerg\u00e9tiques a \u00e9t\u00e9 rendu possible gr\u00e2ce au travail conjoint de l&rsquo;ICSI, du Centro Regional de Empresas y Emprendimientos Responsables (CREER), de Transforma, de la Mesa ANDI M\u00e1s La Guajira et de l&rsquo;Universit\u00e9 de La Guajira, r\u00e9affirmant l&rsquo;engagement des organisations participantes \u00e0 promouvoir une information responsable et proche des r\u00e9alit\u00e9s des communaut\u00e9s du territoire.<\/p>\n<span class=\"et_bloom_bottom_trigger\"><\/span>","protected":false},"excerpt":{"rendered":"<p>Apr\u00e8s un mois de formation, des journalistes, des communicateurs, des leaders sociaux et des \u00e9tudiants de La Guajira ont obtenu leur dipl\u00f4me en r\u00e9cits \u00e9nerg\u00e9tiques, un espace d&rsquo;apprentissage visant \u00e0 renforcer les capacit\u00e9s \u00e0 communiquer de mani\u00e8re rigoureuse, critique et contextualis\u00e9e les processus associ\u00e9s \u00e0 la transition \u00e9nerg\u00e9tique juste sur le territoire. Au cours de [&hellip;]<\/p>\n","protected":false},"author":2,"featured_media":1512,"comment_status":"open","ping_status":"open","sticky":false,"template":"","format":"standard","meta":{"_et_pb_use_builder":"","_et_pb_old_content":"","_et_gb_content_width":"","footnotes":""},"categories":[29],"tags":[],"class_list":["post-1644","post","type-post","status-publish","format-standard","has-post-thumbnail","hentry","category-news"],"_links":{"self":[{"href":"https:\/\/icsi.insuco.com\/fr\/wp-json\/wp\/v2\/posts\/1644","targetHints":{"allow":["GET"]}}],"collection":[{"href":"https:\/\/icsi.insuco.com\/fr\/wp-json\/wp\/v2\/posts"}],"about":[{"href":"https:\/\/icsi.insuco.com\/fr\/wp-json\/wp\/v2\/types\/post"}],"author":[{"embeddable":true,"href":"https:\/\/icsi.insuco.com\/fr\/wp-json\/wp\/v2\/users\/2"}],"replies":[{"embeddable":true,"href":"https:\/\/icsi.insuco.com\/fr\/wp-json\/wp\/v2\/comments?post=1644"}],"version-history":[{"count":1,"href":"https:\/\/icsi.insuco.com\/fr\/wp-json\/wp\/v2\/posts\/1644\/revisions"}],"predecessor-version":[{"id":1645,"href":"https:\/\/icsi.insuco.com\/fr\/wp-json\/wp\/v2\/posts\/1644\/revisions\/1645"}],"wp:featuredmedia":[{"embeddable":true,"href":"https:\/\/icsi.insuco.com\/fr\/wp-json\/wp\/v2\/media\/1512"}],"wp:attachment":[{"href":"https:\/\/icsi.insuco.com\/fr\/wp-json\/wp\/v2\/media?parent=1644"}],"wp:term":[{"taxonomy":"category","embeddable":true,"href":"https:\/\/icsi.insuco.com\/fr\/wp-json\/wp\/v2\/categories?post=1644"},{"taxonomy":"post_tag","embeddable":true,"href":"https:\/\/icsi.insuco.com\/fr\/wp-json\/wp\/v2\/tags?post=1644"}],"curies":[{"name":"wp","href":"https:\/\/api.w.org\/{rel}","templated":true}]}}